{"id":2382,"date":"2021-05-13T07:46:34","date_gmt":"2021-05-13T05:46:34","guid":{"rendered":"https:\/\/www.zofijamazejkukovic.net\/ang\/?p=2382"},"modified":"2021-05-13T07:46:34","modified_gmt":"2021-05-13T05:46:34","slug":"my-opening-speech-by-librorum","status":"publish","type":"post","link":"https:\/\/www.zofijamazejkukovic.net\/ang\/my-opening-speech-by-librorum\/","title":{"rendered":"MY OPENING SPEECH BY LIBRORUM"},"content":{"rendered":"\n<p>Brussels 11.5.2021.<\/p>\n\n\n\n<p><em>Dear President<\/em><em>&nbsp;Hans Gehrt<\/em><em>&nbsp;P\u00f6ttering,<\/em><\/p>\n\n\n\n<p><em>Dear former EP President and FMA President Mr. Gil Robles<\/em><\/p>\n\n\n\n<p><em>Dear Mr.Audy&nbsp;<\/em><\/p>\n\n\n\n<p><em>Dear Mr Lamassoure,<\/em><\/p>\n\n\n\n<p><em>Dear FMA MEMBERS<\/em><\/p>\n\n\n\n<p><em>Members of US Congress&nbsp;<\/em><\/p>\n\n\n\n<p><em>Jean Monnet Professors<\/em><\/p>\n\n\n\n<p><em>Dear Colleagues and guests,&nbsp;<\/em><\/p>\n\n\n\n<p><em>Ladies and Gentlemen,&nbsp;<\/em><\/p>\n\n\n\n<p>Welcome to the third Librorum event for a stimulating and unique discussion about the&nbsp;<\/p>\n\n\n\n<p>book \u201cHistoire secr\u00e8te de la Convention europ\u00e9enne\u201d by Alain Lamassoure, Member of the&nbsp;<\/p>\n\n\n\n<p>Convention on the Future of Europe (2002-2003),&nbsp;<\/p>\n\n\n\n<p>among others. The Conference on the&nbsp;<\/p>\n\n\n\n<p>Future of Europe has just been officially launched on Europe Day, 9 May.<em><\/em><\/p>\n\n\n\n<p>Today&#8217;s&nbsp;discussion is very timely and I also want to welcome those connected to our discussion&nbsp;<\/p>\n\n\n\n<p>through Facebook Live.&nbsp;<\/p>\n\n\n\n<p>I want to warmly welcome our speakers<\/p>\n\n\n\n<p>Mr.Hans Goert P\u00f6ttering<\/p>\n\n\n\n<p>Mr. Alain Lamassour<\/p>\n\n\n\n<p>Mr. Jean Pier Audy<br><\/p>\n\n\n\n<p>My name is Zofija Mazej Kukovi\u010d. I came from Slovenia , from the country with the joung democratie . For the last two years my work in FMA Managment Committe&nbsp;&nbsp;has been oriented on digital communication and&nbsp;&nbsp;with the Secretariat we made the difference which could help us today to be connected, having virtual events and visits&nbsp;&nbsp;despite the COVID-19 and travel restrictions.<\/p>\n\n\n\n<p>In particular , thanks the Bureau of the EP in France for cocorganising the event.<br><\/p>\n\n\n\n<p><br>I have the honour to present the President of our association.<\/p>\n\n\n\n<p><strong>&nbsp;Dr. Hans-Gert P\u00f6ttering is a German politician (CDU) and was the only Member of the European Parliament who has served continuously from the first direct election&nbsp;&nbsp;with 35 years of uninterrupted membership. He held a number of leading positions in the EP and European People\u2019s Party throughout his political career as a Chairman of the European People\u2019s Party-European Democrats Group in the European Parliament and as a President of the European Parliament. He initiated the House of European History which was opened in Brussels in May 2017. He was president of the Konrad Adenauer Stiftung&nbsp;<\/strong><strong>.<\/strong><strong>Today, he is the representative for European affairs on behalf of the Konrad Adenauer Stiftung , our&nbsp;President of the European Parliament Former Members Association and President of the Reflexion Group for the Future of EU.<\/strong><\/p>\n\n\n\n<p><strong>He has published numerous books on various issues of European affairs. His autobiography, &#8220;Wir sind zu unserem Gluck vereint &#8211; Mein Europeischer Weg&#8221;&nbsp;&nbsp;has been translated into several languages.<\/strong><\/p>\n\n\n\n<p><strong>Jean Monnet &#8220;ad honorem&#8221; professor emeritus at universities around the world.<\/strong><\/p>\n\n\n\n<p>I will now switch to French language<\/p>\n\n\n\n<p>Tout ce que je peux dire \u00e0 propos du livre de M. Lamassoure, c&#8217;est que je l&#8217;ai lu&nbsp;&nbsp;avec l&#8217; enthousiasme et le souvenir du plus grand \u00e9largissement de l&#8217;Union europ\u00e9enne, qui comprenait \u00e9galement ma patrie. J&#8217;ai rencontr\u00e9 M. Lamassoure et M. Audy au sein du groupe politique PPE pendant mon mandat.<\/p>\n\n\n\n<p>&nbsp;J&#8217;ai l&#8217;honneur de vous pr\u00e9senter Monsieur Jean-Pierre Audy qui va pr\u00e9sider cette LIBRORUM. Multidiplom\u00e9 en \u00e9conomie, fiscalit\u00e9, finances et droit des affaires, certifi\u00e9 expert comptable et auditeur Monsieur Audy a rempli de nombreux mandats au niveau \u00e9conomique, dans la politique locale et surtout dans la politique europ\u00e9enne.&nbsp;<\/p>\n\n\n\n<p>Ce dont il est le plus fier c&#8217;est<\/p>\n\n\n\n<p>d&#8217;avoir termin\u00e9 son mandat de 9 ann\u00e9es au Parlement europ\u00e9en, tout particuli\u00e8rement celui de pr\u00e9sident de la d\u00e9l\u00e9gation FR au PPE pendant 4 ans&nbsp;<\/p>\n\n\n\n<p>Selon Jean-Pierre , Alain et lui ont en commun un tr\u00e8s brillant succ\u00e8s c&#8217;est \u00e0 dire avoir \u00e9t\u00e9 \u00e9lu chef de la d\u00e9l\u00e9gation fran\u00e7aise au Groupe PPE qui avait \u00e0 l&#8217;\u00e9poque 30 d\u00e9put\u00e9s et d&#8217;avoir toujours eu le soutien d&#8217;Alain.<\/p>\n\n\n\n<p>Selon lui&nbsp;&nbsp;sa plus grande d\u00e9faite politique a \u00e9t\u00e9 les&nbsp;&nbsp;&nbsp;&nbsp;\u00e9lections municipales&nbsp;&nbsp;car apr\u00e8s que sa liste a gagn\u00e9 ,&nbsp;&nbsp;il n&#8217;a pas \u00e9t\u00e9 elu&nbsp;&nbsp;maire.<\/p>\n\n\n\n<p>Est-ce que&nbsp;&nbsp;sa carriere politique&nbsp;&nbsp;a affect\u00e9 d&#8217;une mani\u00e8re ou d&#8217;une autre sa vie familiale? Il&nbsp;&nbsp;pense que ses activit\u00e9 publiques (pas seulement politiques) ont contribu\u00e9 \u00e0 son divorce en 2004.<\/p>\n\n\n\n<p>Quel genre d&#8217;Union europ\u00e9enne imagine t-il-dans le futur?&nbsp;<\/p>\n\n\n\n<p>Si l&#8217;Union ne disparait pas dans les 5 \u00e0 10 ans, il faut simplifier les comp\u00e9tences exclusives de l&#8217;Union.&nbsp;<\/p>\n\n\n\n<p>Selon lui, \u00e4 l&#8217;exception de quelques journalistes sp\u00e9cialis\u00e9s, les m\u00e9dias ne promeuvent&nbsp;&nbsp;pas assez les sujets europ\u00e9ens, par manque de interes.<\/p>\n\n\n\n<p>&nbsp;Actuellement&nbsp;&nbsp;Il&nbsp;s&#8217;est cr\u00e9\u00e9 une activit\u00e9 de consultant en int\u00e9grent plusieurs conseils d&#8217;administration&nbsp;&nbsp;. Il travaille pour l&#8217;Assembl\u00e9e politique du PPE,&nbsp;&nbsp;son parti (Les R\u00e9publicains),&nbsp;&nbsp;comme membre du Conseil d&#8217;Administartion de<\/p>\n\n\n\n<p>&nbsp;l&#8217; AAD&nbsp;&nbsp;et pour sa famille tout en pr\u00e9parant sa succession.<\/p>\n\n\n\n<p>M.Alain Lamassore&nbsp;&nbsp;se d\u00e9finit surtout par ses d\u00e9clarations, qui ne lui ont pas manqu\u00e9 au cours de sa&nbsp;carri\u00e8re politique.<\/p>\n\n\n\n<p>Savez-vous de quelles r\u00e9alisations politiques personnelles il \u00e9tait le plus fier?<\/p>\n\n\n\n<p>Il a \u00e9t\u00e9 maire&nbsp;et&nbsp;il a mis en oeuvre localement un projet d\u2019agglom\u00e9ration transfrontali\u00e8re entre la France et l\u2019Espagne.<\/p>\n\n\n\n<p>Comme ministre il a \u00e9t\u00e9 un des organisateurs de la Conf\u00e9renec a Paris sur la coop\u00e9ration et la s\u00e9curit\u00e9 en Europe.<\/p>\n\n\n\n<p>Au cours de son long mandat comme d\u00e9put\u00e9 europ\u00e9en, il est fier d\u2019avoir invent\u00e9 le programme LIFE.&nbsp;<\/p>\n\n\n\n<p>Il y a deux ans il d\u00e9clarait :<\/p>\n\n\n\n<p>&#8220;Ce dont je suis le plus fier, c&#8217;est d&#8217;avoir jou\u00e9 un r\u00f4le cl\u00e9 pour cr\u00e9er le fonds #LIFE qui, 30 ans plus tard, finance toujours toutes les politiques environnementales de l&#8217;#UE. A l&#8217;\u00e9poque, les \u00e9cologistes n&#8217;existaient pas, j&#8217;\u00e9tais Vert avant les Verts!&#8221;<\/p>\n\n\n\n<p>2.Selon lui la plus grande d\u00e9faite politique personnelle \u00e9tait&nbsp;<\/p>\n\n\n\n<p>sur le plan national, sa d\u00e9faite \u00e9lectorale aux l\u00e9gislatives . Les \u00e9lecteurs lui ont fait payer la politique budg\u00e9taire impopulaire qu&#8217; il conduisit pour qualifier la France pour la zone euro.<\/p>\n\n\n\n<p>Sur le plan europ\u00e9en, le r\u00e9f\u00e9rendum de 2005 qui a vu la France rejeter le projet de trait\u00e9 constitutionnel que&nbsp;&nbsp;la Convention&nbsp;avait \u00e9labor\u00e9 .<\/p>\n\n\n\n<p>Il a souvent d\u00e9clar\u00e9 :<\/p>\n\n\n\n<p>\u00bbQuand je jouais au rugby et que je perdais un match, si mon r\u00e9flexe \u00e9tait de dire que c&#8217;\u00e9tait la faute de l&#8217;arbitre, j&#8217;\u00e9tais s\u00fbr de perdre le match suivant.\u00ab<\/p>\n\n\n\n<p>3. Selon Alain, Jean-Pierre et lui ont en commun l&#8217;un des plus brillants succ\u00e8s politiques qui soit:<\/p>\n\n\n\n<p>&nbsp;\u00ab l\u2019\u00e9lection de Nicolas Sarkozy \u00e0 la pr\u00e9sidence de la R\u00e9publique sur un programme qui comportait un nouveau trait\u00e9 europ\u00e9en ambitieux \u00bb.<\/p>\n\n\n\n<p>4.&nbsp;Si&nbsp;sa carri\u00e8re politique a affect\u00e9&nbsp;&nbsp;sa vie familiale ?<\/p>\n\n\n\n<p>Alain a reconu que sa vie politique a briss\u00e9 sa vie familliale. Effectivement.&nbsp;&nbsp;&nbsp;<\/p>\n\n\n\n<p>\u00bb&nbsp;Ma femme, qui \u00e9tait une amie d\u2019enfance depuis mes 10 ans et avec qui nous avons eu quatre enfants, m\u2019a quitt\u00e9 \u00e0 cause de la politique et \u00e7a a \u00e9t\u00e9 le drame de ma vie.\u00ab<\/p>\n\n\n\n<p>\u00bbDe longues ann\u00e9es plus tard, j\u2019ai rencontr\u00e9 ma seconde femme lors d\u2019une manifestation pour l\u2019Europe&#8230;\u00ab<\/p>\n\n\n\n<p>5. Selon lui, le regard des institutions et m\u00e9dias fran\u00e7ais envers les d\u00e9put\u00e9s europ\u00e9ens est&nbsp;<\/p>\n\n\n\n<p>m\u00e9prisant.&nbsp;&nbsp;Les m\u00e9dias ne s\u2019int\u00e9ressent qu\u2019\u00e0 ceux qui sont actifs dans la politique nationale.<\/p>\n\n\n\n<p>6.Quel genre d&#8217;Union europ\u00e9enne imagine-t- il en 2050?<\/p>\n\n\n\n<p>La m\u00eame qu\u2019aujourd\u2019hui, enrichie de ce qui lui manque: un chef et un budget. En pratique, un pr\u00e9sident de la Commission vraiment \u00e9lu comme un Premier ministre de r\u00e9gime parlementaire et un budget \u00e0 la hauteur des responsabilit\u00e9s confi\u00e9es \u00e0 l\u2019Union.<\/p>\n\n\n\n<p>7.&nbsp;&nbsp;Puis-je savoir \u00e0 quoi Alain consacre son temps et exp\u00e9rience actuellement !<\/p>\n\n\n\n<p>&nbsp;A un sujet majeur pour l\u2019avenir de l\u2019Europe: l\u2019enseignement de l\u2019histoire \u00e0 l\u2019\u00e9cole.&nbsp;&nbsp;Il est le memebre du REFLEXION Group for the future of EU.&nbsp;Alain a obtenu la cr\u00e9ation d\u2019un Observatoire europ\u00e9en de l\u2019enseignement de l\u2019histoire aupr\u00e8s du Conseil de l\u2019Europe et il\u2019en assure la pr\u00e9sidence.<\/p>\n\n\n\n<p>&nbsp;Voici ce qu&#8217;il d\u00e9clarait aux jeunes:<\/p>\n\n\n\n<p>\u00bbOn dit souvent, arr\u00eatez de parler de la paix aux jeunes, \u00e7a les ennuie. Je suis d\u00e9sol\u00e9, je vous parlerai de la paix, parce que toutes les g\u00e9n\u00e9rations qui m\u2019ont pr\u00e9c\u00e9d\u00e9 ont fait la guerre.&#8221;&nbsp;&nbsp;<\/p>\n\n\n\n<p>Laissez-moi maintenant passer la parole a M. Audy et \u00e0 M. Lamassoure .<\/p>\n\n\n\n<p>&nbsp;For the conclusion;<\/p>\n\n\n\n<p>&nbsp;Today&#8217;s&nbsp;&nbsp;fruitful discussion about European family&nbsp;&nbsp;was oriented on the future of Europe on the base of your experience from the past from Convention to&nbsp;&nbsp;Eu treaty&nbsp;&nbsp;. Reconciliation, cooperation&nbsp;&nbsp;was the very common world.<\/p>\n\n\n\n<p>&nbsp;\u00bbTreaty changes should not be exluded from the Future of Europe\u00ab Mr. Pottering<\/p>\n\n\n\n<p>We are aware&nbsp;&nbsp;that we are&nbsp;&nbsp;living in time of different crisis ,&nbsp;&nbsp;we experiencing the new way of living with the&nbsp;&nbsp;digital technology of&nbsp;&nbsp;gathering, meeting, learning and working from the distance. On&nbsp;&nbsp;this way of living we need to&nbsp;&nbsp;empower the EU inside and globaly.<\/p>\n\n\n\n<p>1.Thank you very much to Mr. Pottering, to Mr. Lammasoure to presenting his book and his political view&nbsp;&nbsp;, thank you to M.Audy for exelent moderation of this event , to Mr. Jose Maria Gil Robles , to Baron Crespo ,to&nbsp;&nbsp;madam Doris Pack , Monica Baldi, Brigitte langenhagen , Teresa Riviera, Mr.Angelo Martinez Marinez ,&nbsp;&nbsp;to all of you dear memebers of the FMA for your discussion and participation ,thanks to the Members of US congres, to the professors of the Jean Monnet,<\/p>\n\n\n\n<p>Thank you to&nbsp;&nbsp;Bureau of the EP in France for corganising the event.<\/p>\n\n\n\n<p>Thank you to our Secretariat for their exelent work.<\/p>\n\n\n\n<p>J&#8217;aimerais conclure cette pr\u00e9sentation par ce que Alain d\u00e9clarait \u00e0 la fin&nbsp;&nbsp;de son mandat de vingt-cinq ans au sein du Parlement europ\u00e9en. Il le semble que tout est dit ici.<\/p>\n\n\n\n<p>&#8220;En 1989, (dix neuf cent quatre vingt neuf) je suis entr\u00e9 dans un forum politique limit\u00e9 \u00e0 une partie de l&#8217;Europe \u00e0 l&#8217;Ouest du rideau de fer. Le Parlement que je vais quitter dans quelques semaines est un vrai Parlement europ\u00e9en avec une capacit\u00e9 l\u00e9gislative&#8221;. #PlenPE<\/p>\n\n\t\t\t\t<div class=\"mr_social_sharing_wrapper\">\n\t\t\t\t<!-- Social Sharing Toolkit v2.2 --><span class=\"mr_social_sharing_top\"><script type=\"IN\/Share\" data-url=\"https:\/\/www.zofijamazejkukovic.net\/ang\/my-opening-speech-by-librorum\/\" data-counter=\"right\"><\/script><\/span><span class=\"mr_social_sharing_top\"><a href=\"https:\/\/twitter.com\/share\" class=\"twitter-share-button\" data-count=\"horizontal\" data-url=\"https:\/\/www.zofijamazejkukovic.net\/ang\/my-opening-speech-by-librorum\/\" data-text=\"MY OPENING SPEECH BY LIBRORUM\"><\/a><\/span><span class=\"mr_social_sharing_top\"><div class=\"g-plusone\" data-size=\"medium\" data-href=\"https:\/\/www.zofijamazejkukovic.net\/ang\/my-opening-speech-by-librorum\/\"><\/div><\/span><span class=\"mr_social_sharing_top\"><span style=\"display: inline-block; width: 90px; height: 21px; overflow: hidden;\"><div class=\"fb-like\" data-href=\"https:\/\/www.zofijamazejkukovic.net\/ang\/my-opening-speech-by-librorum\/\" data-send=\"false\" data-layout=\"button_count\" data-width=\"90\" data-show-faces=\"false\"><\/div><\/span><\/span><span class=\"mr_social_sharing\"><a rel=\"nofollow\" class=\"linksalpha_button linksalpha_link\" href=\"\/\/www.linksalpha.com\/social\/mobile\" data-url=\"https:\/\/www.zofijamazejkukovic.net\/ang\/my-opening-speech-by-librorum\/\" data-text=\"MY OPENING SPEECH BY LIBRORUM\" data-desc=\"Brussels 11.5.2021. Dear President\u00a0Hans Gehrt\u00a0P\u00f6ttering, Dear former EP President and FMA President Mr. Gil Robles Dear Mr.Audy\u00a0 Dear Mr Lamassoure, Dear FMA MEMBERS Members of US Congress\u00a0 Jean Monnet Professors Dear Colleagues and guests,\u00a0 Ladies and Gentlemen,\u00a0\" data-image=\"\" data-button=\"\">\n\t\t\t\t\t<img src=\"\/\/www.linksalpha.com\/images\/social_share_button.png\" alt=\"Share\" class=\"linksalpha_image\" \/>\n\t\t\t\t\t<\/a><script type=\"text\/javascript\" src=\"\/\/www.linksalpha.com\/scripts\/loader_iconbox.js?v=2.4\"><\/script><\/span><\/div>","protected":false},"excerpt":{"rendered":"<p>Brussels 11.5.2021. Dear President&nbsp;Hans Gehrt&nbsp;P\u00f6ttering, Dear former EP President and FMA President Mr. Gil Robles Dear Mr.Audy&nbsp; Dear Mr Lamassoure, Dear FMA MEMBERS Members of US Congress&nbsp; Jean Monnet Professors Dear Colleagues and guests,&nbsp; Ladies and Gentlemen,&nbsp; Welcome to the third Librorum event for a stimulating and unique discussion about &hellip; <span class=\"continue-reading\"><a href=\"https:\/\/www.zofijamazejkukovic.net\/ang\/my-opening-speech-by-librorum\/\">Continue reading <span class=\"meta-nav\">&rarr;<\/span><\/a><\/span><\/p>\n\n\t\t\t\t<div class=\"mr_social_sharing_wrapper\">\n\t\t\t\t<!-- Social Sharing Toolkit v2.2 --><span class=\"mr_social_sharing_top\"><script type=\"IN\/Share\" data-url=\"https:\/\/www.zofijamazejkukovic.net\/ang\/my-opening-speech-by-librorum\/\" data-counter=\"right\"><\/script><\/span><span class=\"mr_social_sharing_top\"><a href=\"https:\/\/twitter.com\/share\" class=\"twitter-share-button\" data-count=\"horizontal\" data-url=\"https:\/\/www.zofijamazejkukovic.net\/ang\/my-opening-speech-by-librorum\/\" data-text=\"MY OPENING SPEECH BY LIBRORUM\"><\/a><\/span><span class=\"mr_social_sharing_top\"><div class=\"g-plusone\" data-size=\"medium\" data-href=\"https:\/\/www.zofijamazejkukovic.net\/ang\/my-opening-speech-by-librorum\/\"><\/div><\/span><span class=\"mr_social_sharing_top\"><span style=\"display: inline-block; width: 90px; height: 21px; overflow: hidden;\"><div class=\"fb-like\" data-href=\"https:\/\/www.zofijamazejkukovic.net\/ang\/my-opening-speech-by-librorum\/\" data-send=\"false\" data-layout=\"button_count\" data-width=\"90\" data-show-faces=\"false\"><\/div><\/span><\/span><span class=\"mr_social_sharing\"><a rel=\"nofollow\" class=\"linksalpha_button linksalpha_link\" href=\"\/\/www.linksalpha.com\/social\/mobile\" data-url=\"https:\/\/www.zofijamazejkukovic.net\/ang\/my-opening-speech-by-librorum\/\" data-text=\"MY OPENING SPEECH BY LIBRORUM\" data-desc=\"Brussels 11.5.2021. Dear President\u00a0Hans Gehrt\u00a0P\u00f6ttering, Dear former EP President and FMA President Mr. Gil Robles Dear Mr.Audy\u00a0 Dear Mr Lamassoure, Dear FMA MEMBERS Members of US Congress\u00a0 Jean Monnet Professors Dear Colleagues and guests,\u00a0 Ladies and Gentlemen,\u00a0\" data-image=\"\" data-button=\"\">\n\t\t\t\t\t<img src=\"\/\/www.linksalpha.com\/images\/social_share_button.png\" alt=\"Share\" class=\"linksalpha_image\" \/>\n\t\t\t\t\t<\/a><script type=\"text\/javascript\" src=\"\/\/www.linksalpha.com\/scripts\/loader_iconbox.js?v=2.4\"><\/script><\/span><\/div>","protected":false},"author":1,"featured_media":0,"comment_status":"closed","ping_status":"open","sticky":false,"template":"","format":"standard","meta":[],"categories":[1],"tags":[],"_links":{"self":[{"href":"https:\/\/www.zofijamazejkukovic.net\/ang\/wp-json\/wp\/v2\/posts\/2382"}],"collection":[{"href":"https:\/\/www.zofijamazejkukovic.net\/ang\/wp-json\/wp\/v2\/posts"}],"about":[{"href":"https:\/\/www.zofijamazejkukovic.net\/ang\/wp-json\/wp\/v2\/types\/post"}],"author":[{"embeddable":true,"href":"https:\/\/www.zofijamazejkukovic.net\/ang\/wp-json\/wp\/v2\/users\/1"}],"replies":[{"embeddable":true,"href":"https:\/\/www.zofijamazejkukovic.net\/ang\/wp-json\/wp\/v2\/comments?post=2382"}],"version-history":[{"count":1,"href":"https:\/\/www.zofijamazejkukovic.net\/ang\/wp-json\/wp\/v2\/posts\/2382\/revisions"}],"predecessor-version":[{"id":2383,"href":"https:\/\/www.zofijamazejkukovic.net\/ang\/wp-json\/wp\/v2\/posts\/2382\/revisions\/2383"}],"wp:attachment":[{"href":"https:\/\/www.zofijamazejkukovic.net\/ang\/wp-json\/wp\/v2\/media?parent=2382"}],"wp:term":[{"taxonomy":"category","embeddable":true,"href":"https:\/\/www.zofijamazejkukovic.net\/ang\/wp-json\/wp\/v2\/categories?post=2382"},{"taxonomy":"post_tag","embeddable":true,"href":"https:\/\/www.zofijamazejkukovic.net\/ang\/wp-json\/wp\/v2\/tags?post=2382"}],"curies":[{"name":"wp","href":"https:\/\/api.w.org\/{rel}","templated":true}]}}