{"id":2333,"date":"2020-04-14T14:47:29","date_gmt":"2020-04-14T12:47:29","guid":{"rendered":"https:\/\/www.zofijamazejkukovic.net\/ang\/?p=2333"},"modified":"2020-08-31T19:28:18","modified_gmt":"2020-08-31T17:28:18","slug":"2333-2","status":"publish","type":"post","link":"https:\/\/www.zofijamazejkukovic.net\/ang\/2333-2\/","title":{"rendered":"AUJOURD\u2019HUI, NOUS AVONS RAJEUNI!"},"content":{"rendered":"\n<p>\u00a0La journ\u00e9e d\u2019\u00e9tude de l\u2019Association des anciens d\u00e9put\u00e9s au Parlement europ\u00e9en fait salle comble. Les premi\u00e8res rang\u00e9es sont occup\u00e9es par des personnes ayant \u00e0 leur actif une longue carri\u00e8re en politique<\/p>\n\n\n\n<p>et le reste de l\u2019assembl\u00e9e est constitu\u00e9 d\u2019\u00e9tudiants. Le th\u00e8me choisi est l\u2019avenir de l\u2019Europe, la question \u00e9tant de savoir comment<\/p>\n\n\n\n<p>la famille des peuples europ\u00e9ens vivra les d\u00e9cennies \u00e0 venir. Les jeunes \u00e9coutent les discussions avec grand int\u00e9r\u00eat et ont \u00e0 c\u0153ur d\u2019apporter leur contribution. Ils sont tr\u00e8s habiles pour relayer en temps r\u00e9el les messages sur les r\u00e9seaux sociaux. C\u2019est l\u2019occasion pour nous-m\u00eames de faire nos premiers pas, au nom de l\u2019association, dans la sph\u00e8re num\u00e9rique. Pour certains, c\u2019est une d\u00e9couverte, tandis que d\u2019autres sont d\u00e9j\u00e0 habitu\u00e9s, mais l\u2019enthousiasme est bel et bien l\u00e0! Avec ces jeunes, nous partageons la volont\u00e9 de vivre dans une Europe unie et pacifique et de profiter d\u2019un environnement sain et d\u2019un niveau de vie d\u00e9cent.<\/p>\n\n\n\n<p>Au cours de la l\u00e9gislature pr\u00e9c\u00e9dente, le Parlement europ\u00e9en a adopt\u00e9 l\u2019essentiel de la l\u00e9gislation relative au march\u00e9 unique num\u00e9rique de l\u2019Union europ\u00e9enne, qui a \u00e9t\u00e9 pr\u00e9sent\u00e9 comme l\u2019une des trois priorit\u00e9s de<\/p>\n\n\n\n<p>la premi\u00e8re femme pr\u00e9sidente de<\/p>\n\n\n\n<p>la Commission europ\u00e9enne, Ursula von der Layen.<\/p>\n\n\n\n<p>Notre association s\u2019est fix\u00e9<\/p>\n\n\n\n<p>comme objectif de d\u00e9velopper<\/p>\n\n\n\n<p>la communication num\u00e9rique et d\u2019encourager tous ses membres,<\/p>\n\n\n\n<p>y compris les plus anciens, \u00e0 en<\/p>\n\n\n\n<p>faire usage afin de pouvoir mieux dialoguer avec les jeunes et avec tous les citoyens europ\u00e9ens.<\/p>\n\n\n\n<p>Le conseil d\u2019administration, pr\u00e9sid\u00e9<\/p>\n\n\n\n<p>par Hans-Gert P\u00f6ttering, appuie le d\u00e9veloppement des moyens<\/p>\n\n\n\n<p>de communication modernes, tandis que le secr\u00e9tariat fournit un soutien technique et se charge de l\u2019organisation des contenus.<\/p>\n\n\n\n<p>En avril 2019, j\u2019ai \u00e9t\u00e9 \u00e9lue au conseil d\u2019administration de l\u2019AAD en tant qu\u2019ancienne d\u00e9put\u00e9e slov\u00e8ne au Parlement europ\u00e9en. L\u2019une de mes responsabilit\u00e9s consiste \u00e0 d\u00e9velopper la communication num\u00e9rique au sein de l\u2019association. Pour beaucoup, cela est loin d\u2019\u00eatre facile, mais l\u2019apprentissage tout au long de<\/p>\n\n\n\n<p>la vie nous permet d\u2019acqu\u00e9rir de nouvelles connaissances, d\u2019accro\u00eetre notre force int\u00e9rieure et de nouer de nouvelles amiti\u00e9s.<\/p>\n\n\n\n<p>Le passage au num\u00e9rique touche tout le monde. Les jeunes apprennent tr\u00e8s t\u00f4t \u00e0 se servir de ces technologies, et nous pouvons tirer parti de leur exp\u00e9rience, de celles de nos enfants et petits-enfants. Il est tout \u00e0 fait possible de passer \u00e0 une utilisation accrue de ces outils et de le faire de fa\u00e7on \u00e9thique.<\/p>\n\n\n\n<p>&#8211; Les technologies num\u00e9riques renforcent la connectivit\u00e9 entre<\/p>\n\n\n\n<p>les g\u00e9n\u00e9rations et r\u00e9duisent l\u2019\u00e9cart existant entre les plus jeunes et les plus anciennes.<\/p>\n\n\n\n<p>Les jeunes sont le ciment qui unit<\/p>\n\n\n\n<p>les peuples europ\u00e9ens, gr\u00e2ce<\/p>\n\n\n\n<p>au programme Erasmus et au num\u00e9rique. Nous pourrons \u00eatre<\/p>\n\n\n\n<p>de meilleurs alli\u00e9s pour eux si nous suivons l\u2019\u00e9volution dans le domaine de la communication num\u00e9rique.<\/p>\n\n\n\n<p>&#8211; Les technologies num\u00e9riques permettent de promouvoir les valeurs europ\u00e9ennes et de mettre en relation des citoyens des diff\u00e9rentes r\u00e9gions d\u2019Europe.<\/p>\n\n\n\n<p>Le nouveau site internet de l\u2019AAD<\/p>\n\n\n\n<p>sera con\u00e7u diff\u00e9remment afin de permettre un acc\u00e8s public aux informations et un acc\u00e8s limit\u00e9<\/p>\n\n\n\n<p>aux membres de l\u2019association dans certains cas. Consultez r\u00e9guli\u00e8rement la page www.formermembers.<\/p>\n\n\n\n<p>eu nous permet de nous tenir au courant de l\u2019actualit\u00e9 europ\u00e9enne, des \u00e9v\u00e9nements organis\u00e9s par l\u2019association et des contributions que chacun d\u2019entre nous peut y verser. Utilis\u00e9s \u00e0 bon escient, Facebook et Twitter peuvent jouer le m\u00eame r\u00f4le.<\/p>\n\n\n\n<p>&#8211; Les technologies num\u00e9riques pr\u00e9sentent un int\u00e9r\u00eat au quotidien, permettant un \u00e9change d\u2019informations et un partage d\u2019exp\u00e9riences personnelles.<\/p>\n\n\n\n<p>Dans ma jeunesse, j\u2019aurais r\u00eav\u00e9 de pouvoir apprendre \u00e0 distance, depuis mon village dans les Alpes slov\u00e8nes, venir en aide \u00e0 mes parents malades gr\u00e2ce \u00e0 la t\u00e9l\u00e9m\u00e9decine, acheter<\/p>\n\n\n\n<p>des billets en ligne pour le concert des Beatles \u00e0 Londres ou parler sur Skype avec mes amis vivant de l\u2019autre c\u00f4t\u00e9 du Rideau de fer. Aujourd\u2019hui, tout cela est devenu r\u00e9alit\u00e9. Avec un petit effort, nous pouvons acqu\u00e9rir<\/p>\n\n\n\n<p>le m\u00eame niveau de comp\u00e9tences num\u00e9riques que les jeunes. Ces journ\u00e9es d\u2019\u00e9tude nous ont permis d\u2019accomplir un pas dans cette direction. Nous avons rajeuni!<\/p>\n\n\n\n<p>Zofia Mazej Kukovic<\/p>\n\n\n\n<p>PPE, Slov\u00e9nie (2011-2014) zofija.mazejkukovic@gmail.com<\/p>\n\n\t\t\t\t<div class=\"mr_social_sharing_wrapper\">\n\t\t\t\t<!-- Social Sharing Toolkit v2.2 --><span class=\"mr_social_sharing_top\"><script type=\"IN\/Share\" data-url=\"https:\/\/www.zofijamazejkukovic.net\/ang\/2333-2\/\" data-counter=\"right\"><\/script><\/span><span class=\"mr_social_sharing_top\"><a href=\"https:\/\/twitter.com\/share\" class=\"twitter-share-button\" data-count=\"horizontal\" data-url=\"https:\/\/www.zofijamazejkukovic.net\/ang\/2333-2\/\" data-text=\"AUJOURD\u2019HUI, NOUS AVONS RAJEUNI!\"><\/a><\/span><span class=\"mr_social_sharing_top\"><div class=\"g-plusone\" data-size=\"medium\" data-href=\"https:\/\/www.zofijamazejkukovic.net\/ang\/2333-2\/\"><\/div><\/span><span class=\"mr_social_sharing_top\"><span style=\"display: inline-block; width: 90px; height: 21px; overflow: hidden;\"><div class=\"fb-like\" data-href=\"https:\/\/www.zofijamazejkukovic.net\/ang\/2333-2\/\" data-send=\"false\" data-layout=\"button_count\" data-width=\"90\" data-show-faces=\"false\"><\/div><\/span><\/span><span class=\"mr_social_sharing\"><a rel=\"nofollow\" class=\"linksalpha_button linksalpha_link\" href=\"\/\/www.linksalpha.com\/social\/mobile\" data-url=\"https:\/\/www.zofijamazejkukovic.net\/ang\/2333-2\/\" data-text=\"AUJOURD\u2019HUI, NOUS AVONS RAJEUNI!\" data-desc=\"\u00a0La journ\u00e9e d\u2019\u00e9tude de l\u2019Association des anciens d\u00e9put\u00e9s au Parlement europ\u00e9en fait salle comble. Les premi\u00e8res rang\u00e9es sont occup\u00e9es par des personnes ayant \u00e0 leur actif une longue carri\u00e8re en politique et le reste de l\u2019assembl\u00e9e est constitu\u00e9 d\u2019\u00e9tudiants. Le th\u00e8me choisi\" data-image=\"\" data-button=\"\">\n\t\t\t\t\t<img src=\"\/\/www.linksalpha.com\/images\/social_share_button.png\" alt=\"Share\" class=\"linksalpha_image\" \/>\n\t\t\t\t\t<\/a><script type=\"text\/javascript\" src=\"\/\/www.linksalpha.com\/scripts\/loader_iconbox.js?v=2.4\"><\/script><\/span><\/div>","protected":false},"excerpt":{"rendered":"<p>\u00a0La journ\u00e9e d\u2019\u00e9tude de l\u2019Association des anciens d\u00e9put\u00e9s au Parlement europ\u00e9en fait salle comble. Les premi\u00e8res rang\u00e9es sont occup\u00e9es par des personnes ayant \u00e0 leur actif une longue carri\u00e8re en politique et le reste de l\u2019assembl\u00e9e est constitu\u00e9 d\u2019\u00e9tudiants. Le th\u00e8me choisi est l\u2019avenir de l\u2019Europe, la question \u00e9tant de &hellip; <span class=\"continue-reading\"><a href=\"https:\/\/www.zofijamazejkukovic.net\/ang\/2333-2\/\">Continue reading <span class=\"meta-nav\">&rarr;<\/span><\/a><\/span><\/p>\n\n\t\t\t\t<div class=\"mr_social_sharing_wrapper\">\n\t\t\t\t<!-- Social Sharing Toolkit v2.2 --><span class=\"mr_social_sharing_top\"><script type=\"IN\/Share\" data-url=\"https:\/\/www.zofijamazejkukovic.net\/ang\/2333-2\/\" data-counter=\"right\"><\/script><\/span><span class=\"mr_social_sharing_top\"><a href=\"https:\/\/twitter.com\/share\" class=\"twitter-share-button\" data-count=\"horizontal\" data-url=\"https:\/\/www.zofijamazejkukovic.net\/ang\/2333-2\/\" data-text=\"AUJOURD\u2019HUI, NOUS AVONS RAJEUNI!\"><\/a><\/span><span class=\"mr_social_sharing_top\"><div class=\"g-plusone\" data-size=\"medium\" data-href=\"https:\/\/www.zofijamazejkukovic.net\/ang\/2333-2\/\"><\/div><\/span><span class=\"mr_social_sharing_top\"><span style=\"display: inline-block; width: 90px; height: 21px; overflow: hidden;\"><div class=\"fb-like\" data-href=\"https:\/\/www.zofijamazejkukovic.net\/ang\/2333-2\/\" data-send=\"false\" data-layout=\"button_count\" data-width=\"90\" data-show-faces=\"false\"><\/div><\/span><\/span><span class=\"mr_social_sharing\"><a rel=\"nofollow\" class=\"linksalpha_button linksalpha_link\" href=\"\/\/www.linksalpha.com\/social\/mobile\" data-url=\"https:\/\/www.zofijamazejkukovic.net\/ang\/2333-2\/\" data-text=\"AUJOURD\u2019HUI, NOUS AVONS RAJEUNI!\" data-desc=\"\u00a0La journ\u00e9e d\u2019\u00e9tude de l\u2019Association des anciens d\u00e9put\u00e9s au Parlement europ\u00e9en fait salle comble. Les premi\u00e8res rang\u00e9es sont occup\u00e9es par des personnes ayant \u00e0 leur actif une longue carri\u00e8re en politique et le reste de l\u2019assembl\u00e9e est constitu\u00e9 d\u2019\u00e9tudiants. Le th\u00e8me choisi\" data-image=\"\" data-button=\"\">\n\t\t\t\t\t<img src=\"\/\/www.linksalpha.com\/images\/social_share_button.png\" alt=\"Share\" class=\"linksalpha_image\" \/>\n\t\t\t\t\t<\/a><script type=\"text\/javascript\" src=\"\/\/www.linksalpha.com\/scripts\/loader_iconbox.js?v=2.4\"><\/script><\/span><\/div>","protected":false},"author":1,"featured_media":0,"comment_status":"closed","ping_status":"open","sticky":false,"template":"","format":"standard","meta":[],"categories":[1],"tags":[],"_links":{"self":[{"href":"https:\/\/www.zofijamazejkukovic.net\/ang\/wp-json\/wp\/v2\/posts\/2333"}],"collection":[{"href":"https:\/\/www.zofijamazejkukovic.net\/ang\/wp-json\/wp\/v2\/posts"}],"about":[{"href":"https:\/\/www.zofijamazejkukovic.net\/ang\/wp-json\/wp\/v2\/types\/post"}],"author":[{"embeddable":true,"href":"https:\/\/www.zofijamazejkukovic.net\/ang\/wp-json\/wp\/v2\/users\/1"}],"replies":[{"embeddable":true,"href":"https:\/\/www.zofijamazejkukovic.net\/ang\/wp-json\/wp\/v2\/comments?post=2333"}],"version-history":[{"count":2,"href":"https:\/\/www.zofijamazejkukovic.net\/ang\/wp-json\/wp\/v2\/posts\/2333\/revisions"}],"predecessor-version":[{"id":2343,"href":"https:\/\/www.zofijamazejkukovic.net\/ang\/wp-json\/wp\/v2\/posts\/2333\/revisions\/2343"}],"wp:attachment":[{"href":"https:\/\/www.zofijamazejkukovic.net\/ang\/wp-json\/wp\/v2\/media?parent=2333"}],"wp:term":[{"taxonomy":"category","embeddable":true,"href":"https:\/\/www.zofijamazejkukovic.net\/ang\/wp-json\/wp\/v2\/categories?post=2333"},{"taxonomy":"post_tag","embeddable":true,"href":"https:\/\/www.zofijamazejkukovic.net\/ang\/wp-json\/wp\/v2\/tags?post=2333"}],"curies":[{"name":"wp","href":"https:\/\/api.w.org\/{rel}","templated":true}]}}