{"id":2002,"date":"2013-04-26T15:15:03","date_gmt":"2013-04-26T13:15:03","guid":{"rendered":"http:\/\/www.zofijamazejkukovic.net\/ang\/?p=2002"},"modified":"2013-04-26T17:16:25","modified_gmt":"2013-04-26T15:16:25","slug":"el-desarrollo-y-el-potencial-de-cataluna","status":"publish","type":"post","link":"https:\/\/www.zofijamazejkukovic.net\/ang\/el-desarrollo-y-el-potencial-de-cataluna\/","title":{"rendered":"El desarrollo y el potencial de Catalu?a"},"content":{"rendered":"<p><a href=\"http:\/\/www.zofijamazejkukovic.net\/ang\/wp-content\/uploads\/2013\/04\/tarragona2.jpg\"><img loading=\"lazy\" class=\"size-medium wp-image-2003 aligncenter\" title=\"OLYMPUS DIGITAL CAMERA\" src=\"http:\/\/www.zofijamazejkukovic.net\/ang\/wp-content\/uploads\/2013\/04\/tarragona2-300x225.jpg\" alt=\"\" width=\"300\" height=\"225\" srcset=\"https:\/\/www.zofijamazejkukovic.net\/ang\/wp-content\/uploads\/2013\/04\/tarragona2-300x225.jpg 300w, https:\/\/www.zofijamazejkukovic.net\/ang\/wp-content\/uploads\/2013\/04\/tarragona2-200x150.jpg 200w, https:\/\/www.zofijamazejkukovic.net\/ang\/wp-content\/uploads\/2013\/04\/tarragona2-90x67.jpg 90w, https:\/\/www.zofijamazejkukovic.net\/ang\/wp-content\/uploads\/2013\/04\/tarragona2.jpg 800w\" sizes=\"(max-width: 300px) 100vw, 300px\" \/><\/a><\/p>\n<p style=\"text-align: justify;\">En estos d\u00edas estoy en una visita de trabajo a Espa?a con delegaci\u00f3n de seis miembros del Parlamento Europeo. Nuestro prop\u00f3sito es visitar los centros industriales, universidades y centros de excelencia. Queremos conocer sus objetivos y expectativas de desarrollo, manteniendo sobre las instituciones europeas. Ciudad catal\u00e1n de Tarragona sigue estar desconocida. Todos conocemos a Barcelona como la primera ciudad ol\u00edmpica y algunos todav\u00eda pueden o\u00edr el himno nacional, cantaban por Freddy Mercury y Montserrat Caball\u00e9. En cuanto Barcelona es decir que todo el mundo conoce Sagrada Familia y el Parque G\u00fcell. Es cierto que Barcelona es solo una y mucho m\u00e1s que hermosa. Mi mismo siempre estoy fascinado por cultura e historia espa?ola.<\/p>\n<p style=\"text-align: justify;\">Esp\u00edritu de investigaci\u00f3n de Crist\u00f3bal Col\u00f3n sigue estar visible en las generaciones de hoy. Diversidad y regiones aut\u00f3nomas de Espa?a nos podr\u00edan tocar a cada paso.<\/p>\n<p style=\"text-align: justify;\">Tarragona es una ciudad, no muy lejos de Barcelona. Es menos conocida pero es el campo de los negocios de la qu\u00edmica y el centro de renombre mundial de la industria qu\u00edmica, que se encuentra en 1.000 hect\u00e1reas de tierra. Probablemente Tarragona es tambi\u00e9n conocido en el puerto de Koper, porque es el cuarto puerto m\u00e1s grande en Espa?a. En Tarragona, a pesar de la grave crisis econ\u00f3mica, el turismo est\u00e1 en auge ? este a?o se registraron 34 millones de pernoctaciones. Tal vez la ciudad de Tarragona conoce nuestras universidades y centros de excelencia, porque como Eslovenia, Tarragona es relativamente peque?o centro industrial que se centra en las necesidades del mercado y en las necesidades de las personas. Tarragona,\u00a0 como la futura sede de los Juegos del Mediterr\u00e1neo 2017, tiene un toque del esp\u00edritu ol\u00edmpico tambi\u00e9n.<\/p>\n<p style=\"text-align: justify;\">\n<p style=\"text-align: justify;\">Se podr\u00eda decir que el desarrollo de esta ciudad es un poco controversial &#8211; desarrollar un puerto que se ocupa con la log\u00edstica de los alimentos, especialmente en frutas y verduras a un lado, pero al otro lado se trate con el transporte de productos qu\u00edmicos. Sus ambiciones tambi\u00e9n son el desarrollo del puerto de cruceros. En la ciudad de Tarragona, los arque\u00f3logos descubren el patrimonio arquitect\u00f3nico de los Romanos, que en estos d\u00edas atrae m\u00e1s turistas.<\/p>\n<p style=\"text-align: justify;\">Sin embargo, los pol\u00edticos, centros de conocimiento, la sociedad civil y las empresas encontrar\u00e1n el di\u00e1logo. El Di\u00e1logo en t\u00e9rminos de desarrollo a largo plazo y el empleo.\u00a0 Todos se centran en nuevos proyectos para presentarse como candidato en el marco de las nuevas perspectivas financieras europeas, en particular para la absorci\u00f3n de ?Horizonte 2020?. Objetivo es abrir y exportar conocimientos y productos, y tambi\u00e9n la construcci\u00f3n del Corredor Mediterr\u00e1neo. Mientras mi visito no he escuchado a nadie hablar de un nuevo levantamiento, la dimisi\u00f3n del Primer Ministro o del gobierno.<\/p>\n<p style=\"text-align: justify;\">Podemos decir que esta parte de Espa?a es la parte m\u00e1s rica del pa\u00eds en el que tienen &#8220;s\u00f3lo&#8221; el 14% de desempleo. A pesar de que Espa?a se encuentra en una posici\u00f3n poco envidiable, la motivaci\u00f3n de la gente es enorme. Todos nosotros estuvimos inspirados con optimismo sin l\u00edmites.<\/p>\n<p style=\"text-align: justify;\">Ejemplo de Tarragona nos muestra c\u00f3mo trabajar juntos para luchar por la preservaci\u00f3n de puestos de trabajo y el desarrollo de nuevas posibilidades y oportunidades de trabajo. La Universidad por ejemplo se centr\u00f3 en temas actuales como salud en relaci\u00f3n con la cultura alimentaria,\u00a0 el desarrollo del turismo y la econom\u00eda, basada en la qu\u00edmica y la energ\u00eda.<\/p>\n<p style=\"text-align: justify;\">La Universidad se ha centrado en las necesidades de las personas de hoy y del futuro. Sin embargo Tarragona quiere resolver los problemas financieros con establecer actos balanceados.\u00a0 Un enfoque integral de Tarragona puede servir como un ejemplo de buena pr\u00e1ctica y como un modelo de desarrollo de las distintas regiones de Eslovenia tambi\u00e9n.<\/p>\n<p style=\"text-align: justify;\">Bajo la direcci\u00f3n del Presidente de la Comisi\u00f3n de Industria, Investigaci\u00f3n y Energ\u00eda se?ora Amalia Sartori, ahora viaja hacia el sur de Espa?a.<\/p>\n<p style=\"text-align: justify;\">\n<p style=\"text-align: justify;\">Zofija Mazej Kukovi\u010d, MPE<\/p>\n\n\t\t\t\t<div class=\"mr_social_sharing_wrapper\">\n\t\t\t\t<!-- Social Sharing Toolkit v2.2 --><span class=\"mr_social_sharing_top\"><script type=\"IN\/Share\" data-url=\"https:\/\/www.zofijamazejkukovic.net\/ang\/el-desarrollo-y-el-potencial-de-cataluna\/\" data-counter=\"right\"><\/script><\/span><span class=\"mr_social_sharing_top\"><a href=\"https:\/\/twitter.com\/share\" class=\"twitter-share-button\" data-count=\"horizontal\" data-url=\"https:\/\/www.zofijamazejkukovic.net\/ang\/el-desarrollo-y-el-potencial-de-cataluna\/\" data-text=\"El desarrollo y el potencial de Catalu?a\"><\/a><\/span><span class=\"mr_social_sharing_top\"><div class=\"g-plusone\" data-size=\"medium\" data-href=\"https:\/\/www.zofijamazejkukovic.net\/ang\/el-desarrollo-y-el-potencial-de-cataluna\/\"><\/div><\/span><span class=\"mr_social_sharing_top\"><span style=\"display: inline-block; width: 90px; height: 21px; overflow: hidden;\"><div class=\"fb-like\" data-href=\"https:\/\/www.zofijamazejkukovic.net\/ang\/el-desarrollo-y-el-potencial-de-cataluna\/\" data-send=\"false\" data-layout=\"button_count\" data-width=\"90\" data-show-faces=\"false\"><\/div><\/span><\/span><span class=\"mr_social_sharing\"><a rel=\"nofollow\" class=\"linksalpha_button linksalpha_link\" href=\"\/\/www.linksalpha.com\/social\/mobile\" data-url=\"https:\/\/www.zofijamazejkukovic.net\/ang\/el-desarrollo-y-el-potencial-de-cataluna\/\" data-text=\"El desarrollo y el potencial de Catalu?a\" data-desc=\"En estos d\u00edas estoy en una visita de trabajo a Espa?a con delegaci\u00f3n de seis miembros del Parlamento Europeo. Nuestro prop\u00f3sito es visitar los centros industriales, universidades y centros de excelencia. Queremos conocer sus objetivos y expectativas de desarrollo, manteniendo sobre las\" data-image=\"https:\/\/www.zofijamazejkukovic.net\/ang\/wp-content\/uploads\/2013\/04\/tarragona2-150x150.jpg\" data-button=\"\">\n\t\t\t\t\t<img src=\"\/\/www.linksalpha.com\/images\/social_share_button.png\" alt=\"Share\" class=\"linksalpha_image\" \/>\n\t\t\t\t\t<\/a><script type=\"text\/javascript\" src=\"\/\/www.linksalpha.com\/scripts\/loader_iconbox.js?v=2.4\"><\/script><\/span><\/div>","protected":false},"excerpt":{"rendered":"<p>En estos d\u00edas estoy en una visita de trabajo a Espa?a con delegaci\u00f3n de seis miembros del Parlamento Europeo. Nuestro prop\u00f3sito es visitar los centros industriales, universidades y centros de excelencia. Queremos conocer sus objetivos y expectativas de desarrollo, manteniendo sobre las instituciones europeas. Ciudad catal\u00e1n de Tarragona sigue estar &hellip; <span class=\"continue-reading\"><a href=\"https:\/\/www.zofijamazejkukovic.net\/ang\/el-desarrollo-y-el-potencial-de-cataluna\/\">Continue reading <span class=\"meta-nav\">&rarr;<\/span><\/a><\/span><\/p>\n\n\t\t\t\t<div class=\"mr_social_sharing_wrapper\">\n\t\t\t\t<!-- Social Sharing Toolkit v2.2 --><span class=\"mr_social_sharing_top\"><script type=\"IN\/Share\" data-url=\"https:\/\/www.zofijamazejkukovic.net\/ang\/el-desarrollo-y-el-potencial-de-cataluna\/\" data-counter=\"right\"><\/script><\/span><span class=\"mr_social_sharing_top\"><a href=\"https:\/\/twitter.com\/share\" class=\"twitter-share-button\" data-count=\"horizontal\" data-url=\"https:\/\/www.zofijamazejkukovic.net\/ang\/el-desarrollo-y-el-potencial-de-cataluna\/\" data-text=\"El desarrollo y el potencial de Catalu?a\"><\/a><\/span><span class=\"mr_social_sharing_top\"><div class=\"g-plusone\" data-size=\"medium\" data-href=\"https:\/\/www.zofijamazejkukovic.net\/ang\/el-desarrollo-y-el-potencial-de-cataluna\/\"><\/div><\/span><span class=\"mr_social_sharing_top\"><span style=\"display: inline-block; width: 90px; height: 21px; overflow: hidden;\"><div class=\"fb-like\" data-href=\"https:\/\/www.zofijamazejkukovic.net\/ang\/el-desarrollo-y-el-potencial-de-cataluna\/\" data-send=\"false\" data-layout=\"button_count\" data-width=\"90\" data-show-faces=\"false\"><\/div><\/span><\/span><span class=\"mr_social_sharing\"><a rel=\"nofollow\" class=\"linksalpha_button linksalpha_link\" href=\"\/\/www.linksalpha.com\/social\/mobile\" data-url=\"https:\/\/www.zofijamazejkukovic.net\/ang\/el-desarrollo-y-el-potencial-de-cataluna\/\" data-text=\"El desarrollo y el potencial de Catalu?a\" data-desc=\"En estos d\u00edas estoy en una visita de trabajo a Espa?a con delegaci\u00f3n de seis miembros del Parlamento Europeo. Nuestro prop\u00f3sito es visitar los centros industriales, universidades y centros de excelencia. Queremos conocer sus objetivos y expectativas de desarrollo, manteniendo sobre las\" data-image=\"https:\/\/www.zofijamazejkukovic.net\/ang\/wp-content\/uploads\/2013\/04\/tarragona2-150x150.jpg\" data-button=\"\">\n\t\t\t\t\t<img src=\"\/\/www.linksalpha.com\/images\/social_share_button.png\" alt=\"Share\" class=\"linksalpha_image\" \/>\n\t\t\t\t\t<\/a><script type=\"text\/javascript\" src=\"\/\/www.linksalpha.com\/scripts\/loader_iconbox.js?v=2.4\"><\/script><\/span><\/div>","protected":false},"author":1,"featured_media":2003,"comment_status":"closed","ping_status":"open","sticky":false,"template":"","format":"standard","meta":[],"categories":[47,45],"tags":[],"_links":{"self":[{"href":"https:\/\/www.zofijamazejkukovic.net\/ang\/wp-json\/wp\/v2\/posts\/2002"}],"collection":[{"href":"https:\/\/www.zofijamazejkukovic.net\/ang\/wp-json\/wp\/v2\/posts"}],"about":[{"href":"https:\/\/www.zofijamazejkukovic.net\/ang\/wp-json\/wp\/v2\/types\/post"}],"author":[{"embeddable":true,"href":"https:\/\/www.zofijamazejkukovic.net\/ang\/wp-json\/wp\/v2\/users\/1"}],"replies":[{"embeddable":true,"href":"https:\/\/www.zofijamazejkukovic.net\/ang\/wp-json\/wp\/v2\/comments?post=2002"}],"version-history":[{"count":3,"href":"https:\/\/www.zofijamazejkukovic.net\/ang\/wp-json\/wp\/v2\/posts\/2002\/revisions"}],"predecessor-version":[{"id":2005,"href":"https:\/\/www.zofijamazejkukovic.net\/ang\/wp-json\/wp\/v2\/posts\/2002\/revisions\/2005"}],"wp:featuredmedia":[{"embeddable":true,"href":"https:\/\/www.zofijamazejkukovic.net\/ang\/wp-json\/wp\/v2\/media\/2003"}],"wp:attachment":[{"href":"https:\/\/www.zofijamazejkukovic.net\/ang\/wp-json\/wp\/v2\/media?parent=2002"}],"wp:term":[{"taxonomy":"category","embeddable":true,"href":"https:\/\/www.zofijamazejkukovic.net\/ang\/wp-json\/wp\/v2\/categories?post=2002"},{"taxonomy":"post_tag","embeddable":true,"href":"https:\/\/www.zofijamazejkukovic.net\/ang\/wp-json\/wp\/v2\/tags?post=2002"}],"curies":[{"name":"wp","href":"https:\/\/api.w.org\/{rel}","templated":true}]}}