{"id":1968,"date":"2013-01-21T15:37:01","date_gmt":"2013-01-21T14:37:01","guid":{"rendered":"http:\/\/www.zofijamazejkukovic.net\/ang\/?p=1968"},"modified":"2013-01-21T15:37:01","modified_gmt":"2013-01-21T14:37:01","slug":"lettre-au-president-du-conseil-europeen","status":"publish","type":"post","link":"https:\/\/www.zofijamazejkukovic.net\/ang\/lettre-au-president-du-conseil-europeen\/","title":{"rendered":"Lettre au pr\u00e9sident du Conseil europ\u00e9en"},"content":{"rendered":"<p style=\"text-align: justify;\"><a href=\"http:\/\/www.zofijamazejkukovic.net\/ang\/wp-content\/uploads\/2013\/01\/epp-group-s.png\"><img loading=\"lazy\" class=\"alignnone size-full wp-image-1969\" title=\"epp-group-s\" src=\"http:\/\/www.zofijamazejkukovic.net\/ang\/wp-content\/uploads\/2013\/01\/epp-group-s.png\" alt=\"\" width=\"144\" height=\"128\" srcset=\"https:\/\/www.zofijamazejkukovic.net\/ang\/wp-content\/uploads\/2013\/01\/epp-group-s.png 144w, https:\/\/www.zofijamazejkukovic.net\/ang\/wp-content\/uploads\/2013\/01\/epp-group-s-90x80.png 90w\" sizes=\"(max-width: 144px) 100vw, 144px\" \/><\/a><\/p>\n<p style=\"text-align: justify;\">\u00a0<\/p>\n<p style=\"text-align: justify;\">Cher Monsieur Van Rompuy,<br \/>\nCher Pr\u00e9sident du Conseil,<\/p>\n<p style=\"text-align: justify;\">Les membres slov?nes du Parti populaire europ\u00e9en, le Docteur Milan Zver, le Docteur Romana Jordan, Madame Zofija Mazej Kukovi\u010d et Monsieur Lojve Peterle souhaiteraient exprimer leur avis sur la lettre qui vous a \u00e9t\u00e9 adress\u00e9e par un autre membre slov?ne du Parlement europ\u00e9en, Monsieur Ivo Vajgl en date du 10 janvier 2013.<\/p>\n<p style=\"text-align: justify;\">Nous condamnons absolument une telle fa\u00e7on de communiquer et voudrions, d?s lors, fournir quelques \u00e9claircissements suppl\u00e9mentaires qui pourraient contribuer ? mieux vous faire comprendre cette lettre ? travers un plus large prisme de la politique slov?ne actuelle.<\/p>\n<p style=\"text-align: justify;\">Nous aimerions souligner que toutes les actions, accusations et attaques politiques contre des figures politiques et en particulier le Premier ministre slov?ne doivent ?tre vues dans le contexte de la crise politique actuelle et des r\u00e9formes dans notre pays. Le Premier ministre est connu pour son combat pour l&#8217;ind\u00e9pendance et sa longue lutte contre l&#8217;ancien r\u00e9gime totalitaire qui s\u00e9vissait dans notre pays. C&#8217;est dans ce m?me contexte que nous devons analyser le Rapport r\u00e9cent de la Commission sur la Pr\u00e9vention de la Corruption dans la R\u00e9publique slov?ne. Ce rapport a \u00e9t\u00e9 pr\u00e9par\u00e9 par trois membres de la Commission dont deux ne peuvent ?tre consid\u00e9r\u00e9s comme \u00e9tant ind\u00e9pendants, l&#8217;un \u00e9tant un membre du gouvernement pr\u00e9c\u00e9dent (l&#8217;opposition actuelle) tandis que l&#8217;autre est un journaliste bien connu pour ses campagnes contre Monsieur Jansa depuis une d\u00e9cennie. Le Premier Ministre, Monsieur Jansa a, ? plusieurs reprises, r\u00e9fut\u00e9 et clarifi\u00e9 les conclusion de ce Rapport dans les m\u00e9dias. Par ailleurs, des juristes ont mis en garde sur le fait que le rapport n&#8217;\u00e9tait pas conforme ? la Constitution slov?ne.<\/p>\n<p style=\"text-align: justify;\">La Slov\u00e9nie a connu ces derni?res ann\u00e9es une situation \u00e9conomique et sociale difficile. Le gouvernement pr\u00e9c\u00e9dent (2008-2011) a \u00e9t\u00e9 inactif et a \u00e9vit\u00e9 les r\u00e9formes qui s&#8217;imposaient entra\u00eenant d?s lors la Slov\u00e9nie dans une crise \u00e9conomique et financi?re aggrav\u00e9e. Lorsque le gouvernement actuel a commenc\u00e9 ? agir en 2012 pour adopter plusieurs mesures impopulaires mais indispensables, les indicateurs financiers sont peu ? peu repass\u00e9s au vert. Cependant, c&#8217;est ? ce moment-l? qu&#8217;une autre sorte de crise a \u00e9clat\u00e9: une crise politique. Le gouvernement slov?ne est sur la bonne voie lorsqu&#8217;il impose des r\u00e9formes bancaires assorties d&#8217;une transparence accrue mais cela ne pla\u00eet pas ? tout le monde. Nous sommes convaincus que cela explique les attaques politiques actuelles.<\/p>\n<p style=\"text-align: justify;\">Nous, membres slov?nes du Parlement europ\u00e9en, avons exprim\u00e9 nos inqui\u00e9tudes concernant la situation politique actuelle en Slov\u00e9nie lors d&#8217;une entrevue avec le Pr\u00e9sident de la R\u00e9publique, Monsieur Borut Pahor, ce 9 janvier. Nous sommes tous d&#8217;accord sur la n\u00e9cessit\u00e9 d&#8217;une coop\u00e9ration de toutes les parts du monde politique de notre pays afin de pouvoir pr\u00e9server nos int\u00e9r?ts nationaux et de sortir nos citoyens et notre pays de la crise.<br \/>\nC&#8217;est ? cet \u00e9gard que nous d\u00e9plorons tout particuli?rement que la lettre de Monsieur Vajgl n&#8217;ait pas \u00e9t\u00e9 dans l&#8217;esprit de cette entrevue et ait \u00e9t\u00e9 suivie d&#8217;une mauvaise interpr\u00e9tation par la presse internationale.<\/p>\n<p style=\"text-align: justify;\">Recevez, Monsieur le Pr\u00e9sident, l&#8217;expression de notre plus haute consid\u00e9ration.<\/p>\n\n\t\t\t\t<div class=\"mr_social_sharing_wrapper\">\n\t\t\t\t<!-- Social Sharing Toolkit v2.2 --><span class=\"mr_social_sharing_top\"><script type=\"IN\/Share\" data-url=\"https:\/\/www.zofijamazejkukovic.net\/ang\/lettre-au-president-du-conseil-europeen\/\" data-counter=\"right\"><\/script><\/span><span class=\"mr_social_sharing_top\"><a href=\"https:\/\/twitter.com\/share\" class=\"twitter-share-button\" data-count=\"horizontal\" data-url=\"https:\/\/www.zofijamazejkukovic.net\/ang\/lettre-au-president-du-conseil-europeen\/\" data-text=\"Lettre au pr\u00e9sident du Conseil europ\u00e9en\"><\/a><\/span><span class=\"mr_social_sharing_top\"><div class=\"g-plusone\" data-size=\"medium\" data-href=\"https:\/\/www.zofijamazejkukovic.net\/ang\/lettre-au-president-du-conseil-europeen\/\"><\/div><\/span><span class=\"mr_social_sharing_top\"><span style=\"display: inline-block; width: 90px; height: 21px; overflow: hidden;\"><div class=\"fb-like\" data-href=\"https:\/\/www.zofijamazejkukovic.net\/ang\/lettre-au-president-du-conseil-europeen\/\" data-send=\"false\" data-layout=\"button_count\" data-width=\"90\" data-show-faces=\"false\"><\/div><\/span><\/span><span class=\"mr_social_sharing\"><a rel=\"nofollow\" class=\"linksalpha_button linksalpha_link\" href=\"\/\/www.linksalpha.com\/social\/mobile\" data-url=\"https:\/\/www.zofijamazejkukovic.net\/ang\/lettre-au-president-du-conseil-europeen\/\" data-text=\"Lettre au pr\u00e9sident du Conseil europ\u00e9en\" data-desc=\"\u00a0 Cher Monsieur Van Rompuy, Cher Pr\u00e9sident du Conseil, Les membres slov?nes du Parti populaire europ\u00e9en, le Docteur Milan Zver, le Docteur Romana Jordan, Madame Zofija Mazej Kukovi\u010d et Monsieur Lojve Peterle souhaiteraient exprimer leur avis sur la lettre qui vous a \u00e9t\u00e9 adress\u00e9e par un autre\" data-image=\"https:\/\/www.zofijamazejkukovic.net\/ang\/wp-content\/uploads\/2013\/01\/epp-group-s.png\" data-button=\"\">\n\t\t\t\t\t<img src=\"\/\/www.linksalpha.com\/images\/social_share_button.png\" alt=\"Share\" class=\"linksalpha_image\" \/>\n\t\t\t\t\t<\/a><script type=\"text\/javascript\" src=\"\/\/www.linksalpha.com\/scripts\/loader_iconbox.js?v=2.4\"><\/script><\/span><\/div>","protected":false},"excerpt":{"rendered":"<p>\u00a0 Cher Monsieur Van Rompuy, Cher Pr\u00e9sident du Conseil, Les membres slov?nes du Parti populaire europ\u00e9en, le Docteur Milan Zver, le Docteur Romana Jordan, Madame Zofija Mazej Kukovi\u010d et Monsieur Lojve Peterle souhaiteraient exprimer leur avis sur la lettre qui vous a \u00e9t\u00e9 adress\u00e9e par un autre membre slov?ne du &hellip; <span class=\"continue-reading\"><a href=\"https:\/\/www.zofijamazejkukovic.net\/ang\/lettre-au-president-du-conseil-europeen\/\">Continue reading <span class=\"meta-nav\">&rarr;<\/span><\/a><\/span><\/p>\n\n\t\t\t\t<div class=\"mr_social_sharing_wrapper\">\n\t\t\t\t<!-- Social Sharing Toolkit v2.2 --><span class=\"mr_social_sharing_top\"><script type=\"IN\/Share\" data-url=\"https:\/\/www.zofijamazejkukovic.net\/ang\/lettre-au-president-du-conseil-europeen\/\" data-counter=\"right\"><\/script><\/span><span class=\"mr_social_sharing_top\"><a href=\"https:\/\/twitter.com\/share\" class=\"twitter-share-button\" data-count=\"horizontal\" data-url=\"https:\/\/www.zofijamazejkukovic.net\/ang\/lettre-au-president-du-conseil-europeen\/\" data-text=\"Lettre au pr\u00e9sident du Conseil europ\u00e9en\"><\/a><\/span><span class=\"mr_social_sharing_top\"><div class=\"g-plusone\" data-size=\"medium\" data-href=\"https:\/\/www.zofijamazejkukovic.net\/ang\/lettre-au-president-du-conseil-europeen\/\"><\/div><\/span><span class=\"mr_social_sharing_top\"><span style=\"display: inline-block; width: 90px; height: 21px; overflow: hidden;\"><div class=\"fb-like\" data-href=\"https:\/\/www.zofijamazejkukovic.net\/ang\/lettre-au-president-du-conseil-europeen\/\" data-send=\"false\" data-layout=\"button_count\" data-width=\"90\" data-show-faces=\"false\"><\/div><\/span><\/span><span class=\"mr_social_sharing\"><a rel=\"nofollow\" class=\"linksalpha_button linksalpha_link\" href=\"\/\/www.linksalpha.com\/social\/mobile\" data-url=\"https:\/\/www.zofijamazejkukovic.net\/ang\/lettre-au-president-du-conseil-europeen\/\" data-text=\"Lettre au pr\u00e9sident du Conseil europ\u00e9en\" data-desc=\"\u00a0 Cher Monsieur Van Rompuy, Cher Pr\u00e9sident du Conseil, Les membres slov?nes du Parti populaire europ\u00e9en, le Docteur Milan Zver, le Docteur Romana Jordan, Madame Zofija Mazej Kukovi\u010d et Monsieur Lojve Peterle souhaiteraient exprimer leur avis sur la lettre qui vous a \u00e9t\u00e9 adress\u00e9e par un autre\" data-image=\"https:\/\/www.zofijamazejkukovic.net\/ang\/wp-content\/uploads\/2013\/01\/epp-group-s.png\" data-button=\"\">\n\t\t\t\t\t<img src=\"\/\/www.linksalpha.com\/images\/social_share_button.png\" alt=\"Share\" class=\"linksalpha_image\" \/>\n\t\t\t\t\t<\/a><script type=\"text\/javascript\" src=\"\/\/www.linksalpha.com\/scripts\/loader_iconbox.js?v=2.4\"><\/script><\/span><\/div>","protected":false},"author":1,"featured_media":1969,"comment_status":"closed","ping_status":"open","sticky":false,"template":"","format":"standard","meta":[],"categories":[47,45],"tags":[],"_links":{"self":[{"href":"https:\/\/www.zofijamazejkukovic.net\/ang\/wp-json\/wp\/v2\/posts\/1968"}],"collection":[{"href":"https:\/\/www.zofijamazejkukovic.net\/ang\/wp-json\/wp\/v2\/posts"}],"about":[{"href":"https:\/\/www.zofijamazejkukovic.net\/ang\/wp-json\/wp\/v2\/types\/post"}],"author":[{"embeddable":true,"href":"https:\/\/www.zofijamazejkukovic.net\/ang\/wp-json\/wp\/v2\/users\/1"}],"replies":[{"embeddable":true,"href":"https:\/\/www.zofijamazejkukovic.net\/ang\/wp-json\/wp\/v2\/comments?post=1968"}],"version-history":[{"count":2,"href":"https:\/\/www.zofijamazejkukovic.net\/ang\/wp-json\/wp\/v2\/posts\/1968\/revisions"}],"predecessor-version":[{"id":1971,"href":"https:\/\/www.zofijamazejkukovic.net\/ang\/wp-json\/wp\/v2\/posts\/1968\/revisions\/1971"}],"wp:featuredmedia":[{"embeddable":true,"href":"https:\/\/www.zofijamazejkukovic.net\/ang\/wp-json\/wp\/v2\/media\/1969"}],"wp:attachment":[{"href":"https:\/\/www.zofijamazejkukovic.net\/ang\/wp-json\/wp\/v2\/media?parent=1968"}],"wp:term":[{"taxonomy":"category","embeddable":true,"href":"https:\/\/www.zofijamazejkukovic.net\/ang\/wp-json\/wp\/v2\/categories?post=1968"},{"taxonomy":"post_tag","embeddable":true,"href":"https:\/\/www.zofijamazejkukovic.net\/ang\/wp-json\/wp\/v2\/tags?post=1968"}],"curies":[{"name":"wp","href":"https:\/\/api.w.org\/{rel}","templated":true}]}}